{"id":193,"date":"2017-05-11T16:35:04","date_gmt":"2017-05-11T16:35:04","guid":{"rendered":"https:\/\/coneixermarata.wordpress.com\/2017\/05\/11\/marata-municipi-de-les-franqueses-prova\/"},"modified":"2020-08-16T11:34:35","modified_gmt":"2020-08-16T09:34:35","slug":"marata-municipi-de-les-franqueses-prova","status":"publish","type":"post","link":"https:\/\/www.coneixermarata.cat\/index.php\/2017\/05\/11\/marata-municipi-de-les-franqueses-prova\/","title":{"rendered":""},"content":{"rendered":"<p>Benvinguts a Marata!<br \/>\nEn aquest web, us presentem el llibre <em>Descobrint Marata. Del poc que en sabem, encara en sabem prou, <\/em>el llibre m\u00e9s complet que mai s&#8217;ha editat fins ara sobre aquest petit poble del municipi de les Franqueses del Vall\u00e8s. Aix\u00ed mateix, les noves descobertes, sobre qualsevol aspecte hist\u00f2ric que hagi de veure amb Marata, tamb\u00e9 es recolliran i es publicaran al blog <a href=\"http:\/\/mesmarata.blogspot.com.es\/\">M\u00e9smarata.<\/a> A m\u00e9s, aquest web tamb\u00e9 inclou un apartat destinat a la vida de moss\u00e8n Matheu, una de les persones m\u00e9s rellevants \u2013o la m\u00e9s rellevant fins ara\u2013 nascudes a Marata.<\/p>\n<p>Marata \u00e9s un d&#8217;aquells petits paradisos agraris que aposta per molt anys continuar verge en la plana de l&#8217;atepe\u00efda comarca del Vall\u00e8s Oriental. \u00c9s un espai agrari del qual en viuen els pagesos, ja que sense la terra no hi ha feina. \u00c9s un territori que produeix aliments, tant per a les persones \u2013b\u00e0sicament, llet i carn\u2013, com per al bestiar \u2013farratges, cereals&#8230; \u00c9s alhora un important espai medi ambienal per la seva fauna, flora, camps, boscos, riera i torrents&#8230; I \u00e9s tamb\u00e9 un entorn de gaudiment per a la societat, per la seva tranquil\u00b7litat, per desconnetar, per passejar-hi a peu, en bici, a cavall, &#8230; lluny de tot brogit.<\/p>\n<p>Format per cases escampades, la immensa majoria masos, amb un petit nucli i sense cap carrer, tal volta m\u00e9s d&#8217;un passavolant desconeixedor d&#8217;aquest entorn es deu haver encuriosit amb aquest tipus de poble, tan proper a la ciutat Granollers \u2013a menys de 10 minuts\u2013, i que es mostra com un signe vivent de com havia de ser el Vall\u00e8s verge abans de l&#8217;encimentada a tot arreu.<\/p>\n<p>\u00c9s un poble en qu\u00e8 hi viuen 166 habitants tot l&#8217;any (cens, 1 de setembre de 2017), mentre que al municipi al qual pertany, les Franqueses del Vall\u00e8s, ratlla els 20.000 censats.<\/p>\n","protected":false},"excerpt":{"rendered":"<p>Benvinguts a Marata! En aquest web, us presentem el llibre Descobrint Marata. Del poc que en sabem, encara en sabem prou, el llibre m\u00e9s complet que mai s&#8217;ha editat fins ara sobre aquest petit poble del municipi de les Franqueses del Vall\u00e8s. Aix\u00ed mateix, les noves descobertes, sobre qualsevol aspecte hist\u00f2ric que hagi de veure [&hellip;]<\/p>\n","protected":false},"author":1,"featured_media":0,"comment_status":"open","ping_status":"open","sticky":false,"template":"","format":"image","meta":[],"categories":[4],"tags":[9,13,14],"jetpack_featured_media_url":"","_links":{"self":[{"href":"https:\/\/www.coneixermarata.cat\/index.php\/wp-json\/wp\/v2\/posts\/193"}],"collection":[{"href":"https:\/\/www.coneixermarata.cat\/index.php\/wp-json\/wp\/v2\/posts"}],"about":[{"href":"https:\/\/www.coneixermarata.cat\/index.php\/wp-json\/wp\/v2\/types\/post"}],"author":[{"embeddable":true,"href":"https:\/\/www.coneixermarata.cat\/index.php\/wp-json\/wp\/v2\/users\/1"}],"replies":[{"embeddable":true,"href":"https:\/\/www.coneixermarata.cat\/index.php\/wp-json\/wp\/v2\/comments?post=193"}],"version-history":[{"count":37,"href":"https:\/\/www.coneixermarata.cat\/index.php\/wp-json\/wp\/v2\/posts\/193\/revisions"}],"predecessor-version":[{"id":966,"href":"https:\/\/www.coneixermarata.cat\/index.php\/wp-json\/wp\/v2\/posts\/193\/revisions\/966"}],"wp:attachment":[{"href":"https:\/\/www.coneixermarata.cat\/index.php\/wp-json\/wp\/v2\/media?parent=193"}],"wp:term":[{"taxonomy":"category","embeddable":true,"href":"https:\/\/www.coneixermarata.cat\/index.php\/wp-json\/wp\/v2\/categories?post=193"},{"taxonomy":"post_tag","embeddable":true,"href":"https:\/\/www.coneixermarata.cat\/index.php\/wp-json\/wp\/v2\/tags?post=193"}],"curies":[{"name":"wp","href":"https:\/\/api.w.org\/{rel}","templated":true}]}}